{"id":579,"date":"2023-06-02T12:56:42","date_gmt":"2023-06-02T12:56:42","guid":{"rendered":"http:\/\/bodegase.web17.com.es\/?p=579"},"modified":"2023-06-05T07:33:58","modified_gmt":"2023-06-05T07:33:58","slug":"bodegas-egido-comienza-su-expansion-internacional-en-amsterdam","status":"publish","type":"post","link":"https:\/\/www.bodegasegido.com\/en\/2023\/06\/02\/bodegas-egido-comienza-su-expansion-internacional-en-amsterdam\/","title":{"rendered":"Bodegas Egido begins its international expansion in Amsterdam"},"content":{"rendered":"<div data-elementor-type=\"wp-post\" data-elementor-id=\"579\" class=\"elementor elementor-579\">\n\t\t\t\t\t\t<section class=\"elementor-section elementor-top-section elementor-element elementor-element-4e723d4 elementor-section-content-middle elementor-section-stretched elementor-section-boxed elementor-section-height-default elementor-section-height-default\" data-id=\"4e723d4\" data-element_type=\"section\" data-e-type=\"section\" data-settings=\"{&quot;stretch_section&quot;:&quot;section-stretched&quot;}\">\n\t\t\t\t\t\t<div class=\"elementor-container elementor-column-gap-no\">\n\t\t\t\t\t<div class=\"elementor-column elementor-col-100 elementor-top-column elementor-element elementor-element-0fc9a01\" data-id=\"0fc9a01\" data-element_type=\"column\" data-e-type=\"column\">\n\t\t\t<div class=\"elementor-widget-wrap elementor-element-populated\">\n\t\t\t\t\t\t<div class=\"elementor-element elementor-element-203b9dd adlery elementor-widget elementor-widget-heading\" data-id=\"203b9dd\" data-element_type=\"widget\" data-e-type=\"widget\" data-widget_type=\"heading.default\">\n\t\t\t\t<div class=\"elementor-widget-container\">\n\t\t\t\t\t<h4 class=\"elementor-heading-title elementor-size-default\">Bodegas Egido begins its international expansion in Amsterdam<\/h4>\t\t\t\t<\/div>\n\t\t\t\t<\/div>\n\t\t\t\t<div class=\"elementor-element elementor-element-3296dbf elementor-widget elementor-widget-image\" data-id=\"3296dbf\" data-element_type=\"widget\" data-e-type=\"widget\" data-widget_type=\"image.default\">\n\t\t\t\t<div class=\"elementor-widget-container\">\n\t\t\t\t\t\t\t\t\t\t\t\t\t\t\t<img fetchpriority=\"high\" decoding=\"async\" width=\"225\" height=\"300\" src=\"https:\/\/www.bodegasegido.com\/wp-content\/uploads\/2023\/06\/entrada2-225x300.jpg\" class=\"attachment-medium size-medium wp-image-581\" alt=\"\" srcset=\"https:\/\/www.bodegasegido.com\/wp-content\/uploads\/2023\/06\/entrada2-225x300.jpg 225w, https:\/\/www.bodegasegido.com\/wp-content\/uploads\/2023\/06\/entrada2-768x1025.jpg 768w, https:\/\/www.bodegasegido.com\/wp-content\/uploads\/2023\/06\/entrada2-9x12.jpg 9w, https:\/\/www.bodegasegido.com\/wp-content\/uploads\/2023\/06\/entrada2.jpg 805w\" sizes=\"(max-width: 225px) 100vw, 225px\" \/>\t\t\t\t\t\t\t\t\t\t\t\t\t\t\t<\/div>\n\t\t\t\t<\/div>\n\t\t\t\t\t<\/div>\n\t\t<\/div>\n\t\t\t\t\t<\/div>\n\t\t<\/section>\n\t\t\t\t<section class=\"elementor-section elementor-top-section elementor-element elementor-element-26b43aba elementor-section-boxed elementor-section-height-default elementor-section-height-default\" data-id=\"26b43aba\" data-element_type=\"section\" data-e-type=\"section\">\n\t\t\t\t\t\t<div class=\"elementor-container elementor-column-gap-default\">\n\t\t\t\t\t<div class=\"elementor-column elementor-col-100 elementor-top-column elementor-element elementor-element-2ba010f5\" data-id=\"2ba010f5\" data-element_type=\"column\" data-e-type=\"column\">\n\t\t\t<div class=\"elementor-widget-wrap elementor-element-populated\">\n\t\t\t\t\t\t<div class=\"elementor-element elementor-element-62754c9e elementor-widget elementor-widget-text-editor\" data-id=\"62754c9e\" data-element_type=\"widget\" data-e-type=\"widget\" data-widget_type=\"text-editor.default\">\n\t\t\t\t<div class=\"elementor-widget-container\">\n\t\t\t\t\t\t\t\t\t<p>Bodegas Egido marks its entry into a new era with its participation in the prestigious World Bulk Wine Exhibition! During November 21st and 22nd, 2022, the winery made its international debut, presenting its new vision and perspective for the future.<\/p><p>World Bulk Wine Exhibition, recognized as one of the most important fairs in the global wine industry, provided Bodegas Egido with the opportunity to establish business relationships with experts and professionals in the sector. This event, held on a renowned international stage, was the perfect platform to showcase the winery's new direction and objectives.<\/p><p>This first international foray marked a significant milestone in the history of Bodegas Egido, solidifying its position as a leading winery in the region and projecting it towards new horizons. The visit to the World Bulk Wine Exhibition demonstrated the winery's determination to expand its presence in the global market and establish strategic alliances internationally.<\/p><p>With the new vision and focus on the future, Bodegas Egido aims to bring its winemaking excellence to an increasingly broad audience, expanding its borders and consolidating its position on the international stage. This first global outing represents only the beginning of an exciting chapter in the winery's history, in which great achievements and recognitions are expected.<\/p><p>This new era promises to be an exciting journey in which the passion and flavor of their wines will be brought to every corner of the world, solidifying Bodegas Egido as a reference in the international wine industry.<\/p>\t\t\t\t\t\t\t\t<\/div>\n\t\t\t\t<\/div>\n\t\t\t\t\t<\/div>\n\t\t<\/div>\n\t\t\t\t\t<\/div>\n\t\t<\/section>\n\t\t\t\t<\/div>","protected":false},"excerpt":{"rendered":"<p>Bodegas Egido comienza su expansi\u00f3n internacional en Amsterdam \u00a1Bodegas Egido marca su entrada en una nueva era con su participaci\u00f3n en la prestigiosa feria World Bulk Wine Exhibition! Durante los d\u00edas 21 y 22 de noviembre de 2022, la bodega hizo su debut en el \u00e1mbito internacional, presentando su nueva visi\u00f3n y perspectiva para el [&hellip;]<\/p>\n","protected":false},"author":1,"featured_media":581,"comment_status":"closed","ping_status":"closed","sticky":false,"template":"","format":"standard","meta":{"footnotes":""},"categories":[1],"tags":[],"class_list":["post-579","post","type-post","status-publish","format-standard","has-post-thumbnail","hentry","category-sin-categoria"],"yoast_head":"<!-- This site is optimized with the Yoast SEO plugin v27.4 - https:\/\/yoast.com\/product\/yoast-seo-wordpress\/ -->\n<title>Bodegas Egido comienza su expansi\u00f3n internacional en Amsterdam - Bodegas Egido<\/title>\n<meta name=\"robots\" content=\"index, follow, max-snippet:-1, max-image-preview:large, max-video-preview:-1\" \/>\n<link rel=\"canonical\" href=\"https:\/\/www.bodegasegido.com\/en\/2023\/06\/02\/bodegas-egido-comienza-su-expansion-internacional-en-amsterdam\/\" \/>\n<meta property=\"og:locale\" content=\"en_GB\" \/>\n<meta property=\"og:type\" content=\"article\" \/>\n<meta property=\"og:title\" content=\"Bodegas Egido comienza su expansi\u00f3n internacional en Amsterdam - Bodegas Egido\" \/>\n<meta property=\"og:description\" content=\"Bodegas Egido comienza su expansi\u00f3n internacional en Amsterdam \u00a1Bodegas Egido marca su entrada en una nueva era con su participaci\u00f3n en la prestigiosa feria World Bulk Wine Exhibition! Durante los d\u00edas 21 y 22 de noviembre de 2022, la bodega hizo su debut en el \u00e1mbito internacional, presentando su nueva visi\u00f3n y perspectiva para el [&hellip;]\" \/>\n<meta property=\"og:url\" content=\"https:\/\/www.bodegasegido.com\/en\/2023\/06\/02\/bodegas-egido-comienza-su-expansion-internacional-en-amsterdam\/\" \/>\n<meta property=\"og:site_name\" content=\"Bodegas Egido\" \/>\n<meta property=\"article:published_time\" content=\"2023-06-02T12:56:42+00:00\" \/>\n<meta property=\"article:modified_time\" content=\"2023-06-05T07:33:58+00:00\" \/>\n<meta property=\"og:image\" content=\"https:\/\/www.bodegasegido.com\/wp-content\/uploads\/2023\/06\/entrada2.jpg\" \/>\n\t<meta property=\"og:image:width\" content=\"805\" \/>\n\t<meta property=\"og:image:height\" content=\"1074\" \/>\n\t<meta property=\"og:image:type\" content=\"image\/jpeg\" \/>\n<meta name=\"author\" content=\"admin_d95phg4l\" \/>\n<meta name=\"twitter:card\" content=\"summary_large_image\" \/>\n<meta name=\"twitter:label1\" content=\"Written by\" \/>\n\t<meta name=\"twitter:data1\" content=\"admin_d95phg4l\" \/>\n\t<meta name=\"twitter:label2\" content=\"Estimated reading time\" \/>\n\t<meta name=\"twitter:data2\" content=\"2 minutes\" \/>\n<script type=\"application\/ld+json\" class=\"yoast-schema-graph\">{\"@context\":\"https:\\\/\\\/schema.org\",\"@graph\":[{\"@type\":\"Article\",\"@id\":\"https:\\\/\\\/www.bodegasegido.com\\\/2023\\\/06\\\/02\\\/bodegas-egido-comienza-su-expansion-internacional-en-amsterdam\\\/#article\",\"isPartOf\":{\"@id\":\"https:\\\/\\\/www.bodegasegido.com\\\/2023\\\/06\\\/02\\\/bodegas-egido-comienza-su-expansion-internacional-en-amsterdam\\\/\"},\"author\":{\"name\":\"admin_d95phg4l\",\"@id\":\"https:\\\/\\\/www.bodegasegido.com\\\/#\\\/schema\\\/person\\\/a3faf23609348134f333c1afbb28a412\"},\"headline\":\"Bodegas Egido comienza su expansi\u00f3n internacional en Amsterdam\",\"datePublished\":\"2023-06-02T12:56:42+00:00\",\"dateModified\":\"2023-06-05T07:33:58+00:00\",\"mainEntityOfPage\":{\"@id\":\"https:\\\/\\\/www.bodegasegido.com\\\/2023\\\/06\\\/02\\\/bodegas-egido-comienza-su-expansion-internacional-en-amsterdam\\\/\"},\"wordCount\":309,\"publisher\":{\"@id\":\"https:\\\/\\\/www.bodegasegido.com\\\/#organization\"},\"image\":{\"@id\":\"https:\\\/\\\/www.bodegasegido.com\\\/2023\\\/06\\\/02\\\/bodegas-egido-comienza-su-expansion-internacional-en-amsterdam\\\/#primaryimage\"},\"thumbnailUrl\":\"https:\\\/\\\/www.bodegasegido.com\\\/wp-content\\\/uploads\\\/2023\\\/06\\\/entrada2.jpg\",\"articleSection\":[\"Sin categor\u00eda\"],\"inLanguage\":\"en-GB\"},{\"@type\":\"WebPage\",\"@id\":\"https:\\\/\\\/www.bodegasegido.com\\\/2023\\\/06\\\/02\\\/bodegas-egido-comienza-su-expansion-internacional-en-amsterdam\\\/\",\"url\":\"https:\\\/\\\/www.bodegasegido.com\\\/2023\\\/06\\\/02\\\/bodegas-egido-comienza-su-expansion-internacional-en-amsterdam\\\/\",\"name\":\"Bodegas Egido comienza su expansi\u00f3n internacional en Amsterdam - Bodegas Egido\",\"isPartOf\":{\"@id\":\"https:\\\/\\\/www.bodegasegido.com\\\/#website\"},\"primaryImageOfPage\":{\"@id\":\"https:\\\/\\\/www.bodegasegido.com\\\/2023\\\/06\\\/02\\\/bodegas-egido-comienza-su-expansion-internacional-en-amsterdam\\\/#primaryimage\"},\"image\":{\"@id\":\"https:\\\/\\\/www.bodegasegido.com\\\/2023\\\/06\\\/02\\\/bodegas-egido-comienza-su-expansion-internacional-en-amsterdam\\\/#primaryimage\"},\"thumbnailUrl\":\"https:\\\/\\\/www.bodegasegido.com\\\/wp-content\\\/uploads\\\/2023\\\/06\\\/entrada2.jpg\",\"datePublished\":\"2023-06-02T12:56:42+00:00\",\"dateModified\":\"2023-06-05T07:33:58+00:00\",\"breadcrumb\":{\"@id\":\"https:\\\/\\\/www.bodegasegido.com\\\/2023\\\/06\\\/02\\\/bodegas-egido-comienza-su-expansion-internacional-en-amsterdam\\\/#breadcrumb\"},\"inLanguage\":\"en-GB\",\"potentialAction\":[{\"@type\":\"ReadAction\",\"target\":[\"https:\\\/\\\/www.bodegasegido.com\\\/2023\\\/06\\\/02\\\/bodegas-egido-comienza-su-expansion-internacional-en-amsterdam\\\/\"]}]},{\"@type\":\"ImageObject\",\"inLanguage\":\"en-GB\",\"@id\":\"https:\\\/\\\/www.bodegasegido.com\\\/2023\\\/06\\\/02\\\/bodegas-egido-comienza-su-expansion-internacional-en-amsterdam\\\/#primaryimage\",\"url\":\"https:\\\/\\\/www.bodegasegido.com\\\/wp-content\\\/uploads\\\/2023\\\/06\\\/entrada2.jpg\",\"contentUrl\":\"https:\\\/\\\/www.bodegasegido.com\\\/wp-content\\\/uploads\\\/2023\\\/06\\\/entrada2.jpg\",\"width\":805,\"height\":1074},{\"@type\":\"BreadcrumbList\",\"@id\":\"https:\\\/\\\/www.bodegasegido.com\\\/2023\\\/06\\\/02\\\/bodegas-egido-comienza-su-expansion-internacional-en-amsterdam\\\/#breadcrumb\",\"itemListElement\":[{\"@type\":\"ListItem\",\"position\":1,\"name\":\"Portada\",\"item\":\"https:\\\/\\\/www.bodegasegido.com\\\/\"},{\"@type\":\"ListItem\",\"position\":2,\"name\":\"Bodegas Egido comienza su expansi\u00f3n internacional en Amsterdam\"}]},{\"@type\":\"WebSite\",\"@id\":\"https:\\\/\\\/www.bodegasegido.com\\\/#website\",\"url\":\"https:\\\/\\\/www.bodegasegido.com\\\/\",\"name\":\"Bodegas Egido\",\"description\":\"\",\"publisher\":{\"@id\":\"https:\\\/\\\/www.bodegasegido.com\\\/#organization\"},\"potentialAction\":[{\"@type\":\"SearchAction\",\"target\":{\"@type\":\"EntryPoint\",\"urlTemplate\":\"https:\\\/\\\/www.bodegasegido.com\\\/?s={search_term_string}\"},\"query-input\":{\"@type\":\"PropertyValueSpecification\",\"valueRequired\":true,\"valueName\":\"search_term_string\"}}],\"inLanguage\":\"en-GB\"},{\"@type\":\"Organization\",\"@id\":\"https:\\\/\\\/www.bodegasegido.com\\\/#organization\",\"name\":\"Bodegas Egido\",\"url\":\"https:\\\/\\\/www.bodegasegido.com\\\/\",\"logo\":{\"@type\":\"ImageObject\",\"inLanguage\":\"en-GB\",\"@id\":\"https:\\\/\\\/www.bodegasegido.com\\\/#\\\/schema\\\/logo\\\/image\\\/\",\"url\":\"https:\\\/\\\/www.bodegasegido.com\\\/wp-content\\\/uploads\\\/2023\\\/05\\\/Bodegas-EGIDO-transparente.png\",\"contentUrl\":\"https:\\\/\\\/www.bodegasegido.com\\\/wp-content\\\/uploads\\\/2023\\\/05\\\/Bodegas-EGIDO-transparente.png\",\"width\":729,\"height\":317,\"caption\":\"Bodegas Egido\"},\"image\":{\"@id\":\"https:\\\/\\\/www.bodegasegido.com\\\/#\\\/schema\\\/logo\\\/image\\\/\"}},{\"@type\":\"Person\",\"@id\":\"https:\\\/\\\/www.bodegasegido.com\\\/#\\\/schema\\\/person\\\/a3faf23609348134f333c1afbb28a412\",\"name\":\"admin_d95phg4l\",\"image\":{\"@type\":\"ImageObject\",\"inLanguage\":\"en-GB\",\"@id\":\"https:\\\/\\\/secure.gravatar.com\\\/avatar\\\/fa041130504f546d9b9955fd648f3f16552d4cd71f761f3c853c3384033500b6?s=96&d=mm&r=g\",\"url\":\"https:\\\/\\\/secure.gravatar.com\\\/avatar\\\/fa041130504f546d9b9955fd648f3f16552d4cd71f761f3c853c3384033500b6?s=96&d=mm&r=g\",\"contentUrl\":\"https:\\\/\\\/secure.gravatar.com\\\/avatar\\\/fa041130504f546d9b9955fd648f3f16552d4cd71f761f3c853c3384033500b6?s=96&d=mm&r=g\",\"caption\":\"admin_d95phg4l\"},\"sameAs\":[\"http:\\\/\\\/bodegase.web17.com.es\"],\"url\":\"https:\\\/\\\/www.bodegasegido.com\\\/en\\\/author\\\/admin_d95phg4l\\\/\"}]}<\/script>\n<!-- \/ Yoast SEO plugin. -->","yoast_head_json":{"title":"Bodegas Egido comienza su expansi\u00f3n internacional en Amsterdam - Bodegas Egido","robots":{"index":"index","follow":"follow","max-snippet":"max-snippet:-1","max-image-preview":"max-image-preview:large","max-video-preview":"max-video-preview:-1"},"canonical":"https:\/\/www.bodegasegido.com\/en\/2023\/06\/02\/bodegas-egido-comienza-su-expansion-internacional-en-amsterdam\/","og_locale":"en_GB","og_type":"article","og_title":"Bodegas Egido comienza su expansi\u00f3n internacional en Amsterdam - Bodegas Egido","og_description":"Bodegas Egido comienza su expansi\u00f3n internacional en Amsterdam \u00a1Bodegas Egido marca su entrada en una nueva era con su participaci\u00f3n en la prestigiosa feria World Bulk Wine Exhibition! Durante los d\u00edas 21 y 22 de noviembre de 2022, la bodega hizo su debut en el \u00e1mbito internacional, presentando su nueva visi\u00f3n y perspectiva para el [&hellip;]","og_url":"https:\/\/www.bodegasegido.com\/en\/2023\/06\/02\/bodegas-egido-comienza-su-expansion-internacional-en-amsterdam\/","og_site_name":"Bodegas Egido","article_published_time":"2023-06-02T12:56:42+00:00","article_modified_time":"2023-06-05T07:33:58+00:00","og_image":[{"width":805,"height":1074,"url":"https:\/\/www.bodegasegido.com\/wp-content\/uploads\/2023\/06\/entrada2.jpg","type":"image\/jpeg"}],"author":"admin_d95phg4l","twitter_card":"summary_large_image","twitter_misc":{"Written by":"admin_d95phg4l","Estimated reading time":"2 minutes"},"schema":{"@context":"https:\/\/schema.org","@graph":[{"@type":"Article","@id":"https:\/\/www.bodegasegido.com\/2023\/06\/02\/bodegas-egido-comienza-su-expansion-internacional-en-amsterdam\/#article","isPartOf":{"@id":"https:\/\/www.bodegasegido.com\/2023\/06\/02\/bodegas-egido-comienza-su-expansion-internacional-en-amsterdam\/"},"author":{"name":"admin_d95phg4l","@id":"https:\/\/www.bodegasegido.com\/#\/schema\/person\/a3faf23609348134f333c1afbb28a412"},"headline":"Bodegas Egido comienza su expansi\u00f3n internacional en Amsterdam","datePublished":"2023-06-02T12:56:42+00:00","dateModified":"2023-06-05T07:33:58+00:00","mainEntityOfPage":{"@id":"https:\/\/www.bodegasegido.com\/2023\/06\/02\/bodegas-egido-comienza-su-expansion-internacional-en-amsterdam\/"},"wordCount":309,"publisher":{"@id":"https:\/\/www.bodegasegido.com\/#organization"},"image":{"@id":"https:\/\/www.bodegasegido.com\/2023\/06\/02\/bodegas-egido-comienza-su-expansion-internacional-en-amsterdam\/#primaryimage"},"thumbnailUrl":"https:\/\/www.bodegasegido.com\/wp-content\/uploads\/2023\/06\/entrada2.jpg","articleSection":["Sin categor\u00eda"],"inLanguage":"en-GB"},{"@type":"WebPage","@id":"https:\/\/www.bodegasegido.com\/2023\/06\/02\/bodegas-egido-comienza-su-expansion-internacional-en-amsterdam\/","url":"https:\/\/www.bodegasegido.com\/2023\/06\/02\/bodegas-egido-comienza-su-expansion-internacional-en-amsterdam\/","name":"Bodegas Egido comienza su expansi\u00f3n internacional en Amsterdam - Bodegas Egido","isPartOf":{"@id":"https:\/\/www.bodegasegido.com\/#website"},"primaryImageOfPage":{"@id":"https:\/\/www.bodegasegido.com\/2023\/06\/02\/bodegas-egido-comienza-su-expansion-internacional-en-amsterdam\/#primaryimage"},"image":{"@id":"https:\/\/www.bodegasegido.com\/2023\/06\/02\/bodegas-egido-comienza-su-expansion-internacional-en-amsterdam\/#primaryimage"},"thumbnailUrl":"https:\/\/www.bodegasegido.com\/wp-content\/uploads\/2023\/06\/entrada2.jpg","datePublished":"2023-06-02T12:56:42+00:00","dateModified":"2023-06-05T07:33:58+00:00","breadcrumb":{"@id":"https:\/\/www.bodegasegido.com\/2023\/06\/02\/bodegas-egido-comienza-su-expansion-internacional-en-amsterdam\/#breadcrumb"},"inLanguage":"en-GB","potentialAction":[{"@type":"ReadAction","target":["https:\/\/www.bodegasegido.com\/2023\/06\/02\/bodegas-egido-comienza-su-expansion-internacional-en-amsterdam\/"]}]},{"@type":"ImageObject","inLanguage":"en-GB","@id":"https:\/\/www.bodegasegido.com\/2023\/06\/02\/bodegas-egido-comienza-su-expansion-internacional-en-amsterdam\/#primaryimage","url":"https:\/\/www.bodegasegido.com\/wp-content\/uploads\/2023\/06\/entrada2.jpg","contentUrl":"https:\/\/www.bodegasegido.com\/wp-content\/uploads\/2023\/06\/entrada2.jpg","width":805,"height":1074},{"@type":"BreadcrumbList","@id":"https:\/\/www.bodegasegido.com\/2023\/06\/02\/bodegas-egido-comienza-su-expansion-internacional-en-amsterdam\/#breadcrumb","itemListElement":[{"@type":"ListItem","position":1,"name":"Portada","item":"https:\/\/www.bodegasegido.com\/"},{"@type":"ListItem","position":2,"name":"Bodegas Egido comienza su expansi\u00f3n internacional en Amsterdam"}]},{"@type":"WebSite","@id":"https:\/\/www.bodegasegido.com\/#website","url":"https:\/\/www.bodegasegido.com\/","name":"Bodegas Egido","description":"","publisher":{"@id":"https:\/\/www.bodegasegido.com\/#organization"},"potentialAction":[{"@type":"SearchAction","target":{"@type":"EntryPoint","urlTemplate":"https:\/\/www.bodegasegido.com\/?s={search_term_string}"},"query-input":{"@type":"PropertyValueSpecification","valueRequired":true,"valueName":"search_term_string"}}],"inLanguage":"en-GB"},{"@type":"Organization","@id":"https:\/\/www.bodegasegido.com\/#organization","name":"Bodegas Egido","url":"https:\/\/www.bodegasegido.com\/","logo":{"@type":"ImageObject","inLanguage":"en-GB","@id":"https:\/\/www.bodegasegido.com\/#\/schema\/logo\/image\/","url":"https:\/\/www.bodegasegido.com\/wp-content\/uploads\/2023\/05\/Bodegas-EGIDO-transparente.png","contentUrl":"https:\/\/www.bodegasegido.com\/wp-content\/uploads\/2023\/05\/Bodegas-EGIDO-transparente.png","width":729,"height":317,"caption":"Bodegas Egido"},"image":{"@id":"https:\/\/www.bodegasegido.com\/#\/schema\/logo\/image\/"}},{"@type":"Person","@id":"https:\/\/www.bodegasegido.com\/#\/schema\/person\/a3faf23609348134f333c1afbb28a412","name":"admin_d95phg4l","image":{"@type":"ImageObject","inLanguage":"en-GB","@id":"https:\/\/secure.gravatar.com\/avatar\/fa041130504f546d9b9955fd648f3f16552d4cd71f761f3c853c3384033500b6?s=96&d=mm&r=g","url":"https:\/\/secure.gravatar.com\/avatar\/fa041130504f546d9b9955fd648f3f16552d4cd71f761f3c853c3384033500b6?s=96&d=mm&r=g","contentUrl":"https:\/\/secure.gravatar.com\/avatar\/fa041130504f546d9b9955fd648f3f16552d4cd71f761f3c853c3384033500b6?s=96&d=mm&r=g","caption":"admin_d95phg4l"},"sameAs":["http:\/\/bodegase.web17.com.es"],"url":"https:\/\/www.bodegasegido.com\/en\/author\/admin_d95phg4l\/"}]}},"_links":{"self":[{"href":"https:\/\/www.bodegasegido.com\/en\/wp-json\/wp\/v2\/posts\/579","targetHints":{"allow":["GET"]}}],"collection":[{"href":"https:\/\/www.bodegasegido.com\/en\/wp-json\/wp\/v2\/posts"}],"about":[{"href":"https:\/\/www.bodegasegido.com\/en\/wp-json\/wp\/v2\/types\/post"}],"author":[{"embeddable":true,"href":"https:\/\/www.bodegasegido.com\/en\/wp-json\/wp\/v2\/users\/1"}],"replies":[{"embeddable":true,"href":"https:\/\/www.bodegasegido.com\/en\/wp-json\/wp\/v2\/comments?post=579"}],"version-history":[{"count":8,"href":"https:\/\/www.bodegasegido.com\/en\/wp-json\/wp\/v2\/posts\/579\/revisions"}],"predecessor-version":[{"id":595,"href":"https:\/\/www.bodegasegido.com\/en\/wp-json\/wp\/v2\/posts\/579\/revisions\/595"}],"wp:featuredmedia":[{"embeddable":true,"href":"https:\/\/www.bodegasegido.com\/en\/wp-json\/wp\/v2\/media\/581"}],"wp:attachment":[{"href":"https:\/\/www.bodegasegido.com\/en\/wp-json\/wp\/v2\/media?parent=579"}],"wp:term":[{"taxonomy":"category","embeddable":true,"href":"https:\/\/www.bodegasegido.com\/en\/wp-json\/wp\/v2\/categories?post=579"},{"taxonomy":"post_tag","embeddable":true,"href":"https:\/\/www.bodegasegido.com\/en\/wp-json\/wp\/v2\/tags?post=579"}],"curies":[{"name":"wp","href":"https:\/\/api.w.org\/{rel}","templated":true}]}}